{"id":2977,"date":"2026-04-06T15:52:45","date_gmt":"2026-04-06T18:52:45","guid":{"rendered":"https:\/\/kind-indigo-pigeon.201-217-242-146.cpanel.site\/?p=2977"},"modified":"2026-04-16T14:36:44","modified_gmt":"2026-04-16T17:36:44","slug":"parque-eolico-llanos-de-viento","status":"publish","type":"post","link":"https:\/\/kind-indigo-pigeon.201-217-242-146.cpanel.site\/?p=2977","title":{"rendered":"Mall Plaza Los Dom\u00ednicos"},"content":{"rendered":"\t\t<div data-elementor-type=\"wp-post\" data-elementor-id=\"2977\" class=\"elementor elementor-2977\" data-elementor-post-type=\"post\">\n\t\t\t\t<div class=\"elementor-element elementor-element-9a6b6ce e-flex e-con-boxed e-con e-parent\" data-id=\"9a6b6ce\" data-element_type=\"container\" data-e-type=\"container\">\n\t\t\t\t\t<div class=\"e-con-inner\">\n\t\t\t\t<div class=\"elementor-element elementor-element-5d5985b8 elementor-widget elementor-widget-text-editor\" data-id=\"5d5985b8\" data-element_type=\"widget\" data-e-type=\"widget\" data-widget_type=\"text-editor.default\">\n\t\t\t\t\t\t\t\t\t\n<p>\u00a0<\/p>\n\n<div class=\"wp-block-columns is-layout-flex wp-container-core-columns-is-layout-28f84493 wp-block-columns-is-layout-flex\">\n<div class=\"wp-block-column is-layout-flow wp-block-column-is-layout-flow\">\n<p><strong>Ubicaci\u00f3n:<\/strong> Las Condes, Santiago,<br \/>Regi\u00f3n Metropolitana.<\/p>\n\n<p><br \/><strong>Descripci\u00f3n:<\/strong> Excavaci\u00f3n masiva a 23<br \/>metros de profundidad con transporte a<br \/>botadero para la construcci\u00f3n del centro<br \/>comercial.<\/p>\n\n<p><br \/><strong>Vol\u00famenes Excavaci\u00f3n:<\/strong> 1.000.000 m3.<\/p>\n<\/div>\n\n<div class=\"wp-block-column is-layout-flow wp-block-column-is-layout-flow\">\n<figure class=\"wp-block-gallery has-nested-images columns-default is-cropped wp-block-gallery-2 is-layout-flex wp-block-gallery-is-layout-flex\">\n<figure class=\"wp-block-image size-large\"><img fetchpriority=\"high\" decoding=\"async\" width=\"700\" height=\"480\" data-id=\"513\" class=\"wp-image-513\" src=\"https:\/\/kind-indigo-pigeon.201-217-242-146.cpanel.site\/wp-content\/uploads\/2019\/12\/mesco-proyecto-mall-alto-los-dominicos.jpg\" alt=\"Mall Plaza Los Dominicos\" srcset=\"https:\/\/kind-indigo-pigeon.201-217-242-146.cpanel.site\/wp-content\/uploads\/2019\/12\/mesco-proyecto-mall-alto-los-dominicos.jpg 700w, https:\/\/kind-indigo-pigeon.201-217-242-146.cpanel.site\/wp-content\/uploads\/2019\/12\/mesco-proyecto-mall-alto-los-dominicos-300x206.jpg 300w\" sizes=\"(max-width: 700px) 100vw, 700px\" \/><\/figure>\n<\/figure>\n<\/div>\n<\/div>\n\n<p>\u00a0<\/p>\n\t\t\t\t\t\t\t\t<\/div>\n\t\t\t\t\t<\/div>\n\t\t\t\t<\/div>\n\t\t\t\t<\/div>\n\t\t","protected":false},"excerpt":{"rendered":"<p>\u00a0 Ubicaci\u00f3n: Las Condes, Santiago,Regi\u00f3n Metropolitana. Descripci\u00f3n: Excavaci\u00f3n masiva a 23metros de profundidad con transporte abotadero para la construcci\u00f3n del centrocomercial. Vol\u00famenes Excavaci\u00f3n: 1.000.000 m3. \u00a0<\/p>\n","protected":false},"author":1,"featured_media":513,"comment_status":"closed","ping_status":"open","sticky":false,"template":"","format":"standard","meta":{"_acf_changed":false,"_joinchat":[],"footnotes":""},"categories":[8],"tags":[],"class_list":["post-2977","post","type-post","status-publish","format-standard","has-post-thumbnail","hentry","category-proyectos"],"acf":[],"_links":{"self":[{"href":"https:\/\/kind-indigo-pigeon.201-217-242-146.cpanel.site\/index.php?rest_route=\/wp\/v2\/posts\/2977","targetHints":{"allow":["GET"]}}],"collection":[{"href":"https:\/\/kind-indigo-pigeon.201-217-242-146.cpanel.site\/index.php?rest_route=\/wp\/v2\/posts"}],"about":[{"href":"https:\/\/kind-indigo-pigeon.201-217-242-146.cpanel.site\/index.php?rest_route=\/wp\/v2\/types\/post"}],"author":[{"embeddable":true,"href":"https:\/\/kind-indigo-pigeon.201-217-242-146.cpanel.site\/index.php?rest_route=\/wp\/v2\/users\/1"}],"replies":[{"embeddable":true,"href":"https:\/\/kind-indigo-pigeon.201-217-242-146.cpanel.site\/index.php?rest_route=%2Fwp%2Fv2%2Fcomments&post=2977"}],"version-history":[{"count":12,"href":"https:\/\/kind-indigo-pigeon.201-217-242-146.cpanel.site\/index.php?rest_route=\/wp\/v2\/posts\/2977\/revisions"}],"predecessor-version":[{"id":3337,"href":"https:\/\/kind-indigo-pigeon.201-217-242-146.cpanel.site\/index.php?rest_route=\/wp\/v2\/posts\/2977\/revisions\/3337"}],"wp:featuredmedia":[{"embeddable":true,"href":"https:\/\/kind-indigo-pigeon.201-217-242-146.cpanel.site\/index.php?rest_route=\/wp\/v2\/media\/513"}],"wp:attachment":[{"href":"https:\/\/kind-indigo-pigeon.201-217-242-146.cpanel.site\/index.php?rest_route=%2Fwp%2Fv2%2Fmedia&parent=2977"}],"wp:term":[{"taxonomy":"category","embeddable":true,"href":"https:\/\/kind-indigo-pigeon.201-217-242-146.cpanel.site\/index.php?rest_route=%2Fwp%2Fv2%2Fcategories&post=2977"},{"taxonomy":"post_tag","embeddable":true,"href":"https:\/\/kind-indigo-pigeon.201-217-242-146.cpanel.site\/index.php?rest_route=%2Fwp%2Fv2%2Ftags&post=2977"}],"curies":[{"name":"wp","href":"https:\/\/api.w.org\/{rel}","templated":true}]}}