{"id":3434,"date":"2026-04-30T15:40:23","date_gmt":"2026-04-30T18:40:23","guid":{"rendered":"https:\/\/kind-indigo-pigeon.201-217-242-146.cpanel.site\/?p=3434"},"modified":"2026-04-30T15:41:36","modified_gmt":"2026-04-30T18:41:36","slug":"parque-eolico-llanos-de-viento-2","status":"publish","type":"post","link":"http:\/\/kind-indigo-pigeon.201-217-242-146.cpanel.site\/?p=3434","title":{"rendered":"Parque E\u00f3lico Llanos de Viento"},"content":{"rendered":"\t\t<div data-elementor-type=\"wp-post\" data-elementor-id=\"3434\" class=\"elementor elementor-3434\" data-elementor-post-type=\"post\">\n\t\t\t\t<div class=\"elementor-element elementor-element-7bf7b1f1 e-flex e-con-boxed e-con e-parent\" data-id=\"7bf7b1f1\" data-element_type=\"container\" data-e-type=\"container\">\n\t\t\t\t\t<div class=\"e-con-inner\">\n\t\t\t\t<div class=\"elementor-element elementor-element-106a3e0 elementor-widget elementor-widget-text-editor\" data-id=\"106a3e0\" data-element_type=\"widget\" data-e-type=\"widget\" data-widget_type=\"text-editor.default\">\n\t\t\t\t\t\t\t\t\t\n<p><strong>Ubicaci\u00f3n: <\/strong>Antofagasta, Regi\u00f3n de Antofagasta.<\/p>\n\n\n\n<p><br><strong>Descripci\u00f3n: <\/strong>Construcci\u00f3n de caminos<br>subrasante e instalaci\u00f3n de base estabilizada,<br>vialidad y excavaci\u00f3n en caliche de plataformas<br>para los aerogeneradores.<\/p>\n\n\n\n<ul class=\"wp-block-list\">\n<li><strong>Vol\u00famenes Excavaci\u00f3n:<\/strong> 77.000 m3<\/li>\n\n\n\n<li><strong>Vol\u00famenes Relleno: <\/strong>169.750 m3<\/li>\n\n\n\n<li><strong>Caminos:<\/strong> 15 kil\u00f3metros<\/li>\n<\/ul>\n\n\n\n<p><\/p>\n\t\t\t\t\t\t\t\t<\/div>\n\t\t\t\t\t<\/div>\n\t\t\t\t<\/div>\n\t\t<div class=\"elementor-element elementor-element-06ef001 e-flex e-con-boxed e-con e-parent\" data-id=\"06ef001\" data-element_type=\"container\" data-e-type=\"container\">\n\t\t\t\t\t<div class=\"e-con-inner\">\n\t\t\t\t<div class=\"elementor-element elementor-element-7d2fdc5 gallery-spacing-custom elementor-widget elementor-widget-image-gallery\" data-id=\"7d2fdc5\" data-element_type=\"widget\" data-e-type=\"widget\" data-widget_type=\"image-gallery.default\">\n\t\t\t\t\t\t\t<div class=\"elementor-image-gallery\">\n\t\t\t<div id='gallery-1' class='gallery galleryid-3434 gallery-columns-2 gallery-size-medium_large'><figure class='gallery-item'>\n\t\t\t<div class='gallery-icon landscape'>\n\t\t\t\t<a data-elementor-open-lightbox=\"yes\" data-elementor-lightbox-slideshow=\"7d2fdc5\" data-elementor-lightbox-title=\"Parque E\u00f3lico Llanos de Viento\" data-elementor-lightbox-description=\"Parque E\u00f3lico\nLlanos de Viento\" data-e-action-hash=\"#elementor-action%3Aaction%3Dlightbox%26settings%3DeyJpZCI6MTQ0OSwidXJsIjoiaHR0cHM6XC9cL2tpbmQtaW5kaWdvLXBpZ2Vvbi4yMDEtMjE3LTI0Mi0xNDYuY3BhbmVsLnNpdGVcL3dwLWNvbnRlbnRcL3VwbG9hZHNcLzIwMjFcLzA4XC9wYXJxdWUtZW9saWNvLWxsYW5vcy1kZWwtdmllbnRvLTIuanBnIiwic2xpZGVzaG93IjoiN2QyZmRjNSJ9\" href='https:\/\/kind-indigo-pigeon.201-217-242-146.cpanel.site\/wp-content\/uploads\/2021\/08\/parque-eolico-llanos-del-viento-2.jpg'><img fetchpriority=\"high\" width=\"700\" height=\"480\" src=\"https:\/\/kind-indigo-pigeon.201-217-242-146.cpanel.site\/wp-content\/uploads\/2021\/08\/parque-eolico-llanos-del-viento-2.jpg\" class=\"attachment-medium_large size-medium_large\" alt=\"Parque E\u00f3lico Llanos de Viento\" decoding=\"async\" srcset=\"https:\/\/kind-indigo-pigeon.201-217-242-146.cpanel.site\/wp-content\/uploads\/2021\/08\/parque-eolico-llanos-del-viento-2.jpg 700w, https:\/\/kind-indigo-pigeon.201-217-242-146.cpanel.site\/wp-content\/uploads\/2021\/08\/parque-eolico-llanos-del-viento-2-300x206.jpg 300w\" sizes=\"(max-width: 700px) 100vw, 700px\" \/><\/a>\n\t\t\t<\/div><\/figure><figure class='gallery-item'>\n\t\t\t<div class='gallery-icon landscape'>\n\t\t\t\t<a data-elementor-open-lightbox=\"yes\" data-elementor-lightbox-slideshow=\"7d2fdc5\" data-elementor-lightbox-title=\"Parque E\u00f3lico Llanos de Viento\" data-elementor-lightbox-description=\"Parque E\u00f3lico\nLlanos de Viento\" data-e-action-hash=\"#elementor-action%3Aaction%3Dlightbox%26settings%3DeyJpZCI6MTQ1MCwidXJsIjoiaHR0cHM6XC9cL2tpbmQtaW5kaWdvLXBpZ2Vvbi4yMDEtMjE3LTI0Mi0xNDYuY3BhbmVsLnNpdGVcL3dwLWNvbnRlbnRcL3VwbG9hZHNcLzIwMjFcLzA4XC9wYXJxdWUtZW9saWNvLWxsYW5vcy1kZWwtdmllbnRvLTMuanBnIiwic2xpZGVzaG93IjoiN2QyZmRjNSJ9\" href='https:\/\/kind-indigo-pigeon.201-217-242-146.cpanel.site\/wp-content\/uploads\/2021\/08\/parque-eolico-llanos-del-viento-3.jpg'><img width=\"700\" height=\"480\" src=\"https:\/\/kind-indigo-pigeon.201-217-242-146.cpanel.site\/wp-content\/uploads\/2021\/08\/parque-eolico-llanos-del-viento-3.jpg\" class=\"attachment-medium_large size-medium_large\" alt=\"Parque E\u00f3lico Llanos de Viento\" decoding=\"async\" srcset=\"https:\/\/kind-indigo-pigeon.201-217-242-146.cpanel.site\/wp-content\/uploads\/2021\/08\/parque-eolico-llanos-del-viento-3.jpg 700w, https:\/\/kind-indigo-pigeon.201-217-242-146.cpanel.site\/wp-content\/uploads\/2021\/08\/parque-eolico-llanos-del-viento-3-300x206.jpg 300w\" sizes=\"(max-width: 700px) 100vw, 700px\" \/><\/a>\n\t\t\t<\/div><\/figure><figure class='gallery-item'>\n\t\t\t<div class='gallery-icon landscape'>\n\t\t\t\t<a data-elementor-open-lightbox=\"yes\" data-elementor-lightbox-slideshow=\"7d2fdc5\" data-elementor-lightbox-title=\"Parque E\u00f3lico Llanos de Viento\" data-elementor-lightbox-description=\"Parque E\u00f3lico\nLlanos de Viento\" data-e-action-hash=\"#elementor-action%3Aaction%3Dlightbox%26settings%3DeyJpZCI6MTQ0OCwidXJsIjoiaHR0cHM6XC9cL2tpbmQtaW5kaWdvLXBpZ2Vvbi4yMDEtMjE3LTI0Mi0xNDYuY3BhbmVsLnNpdGVcL3dwLWNvbnRlbnRcL3VwbG9hZHNcLzIwMjFcLzA4XC9wYXJxdWUtZW9saWNvLWxsYW5vcy1kZWwtdmllbnRvLTEuanBnIiwic2xpZGVzaG93IjoiN2QyZmRjNSJ9\" href='https:\/\/kind-indigo-pigeon.201-217-242-146.cpanel.site\/wp-content\/uploads\/2021\/08\/parque-eolico-llanos-del-viento-1.jpg'><img width=\"700\" height=\"480\" src=\"https:\/\/kind-indigo-pigeon.201-217-242-146.cpanel.site\/wp-content\/uploads\/2021\/08\/parque-eolico-llanos-del-viento-1.jpg\" class=\"attachment-medium_large size-medium_large\" alt=\"Parque E\u00f3lico Llanos de Viento\" decoding=\"async\" srcset=\"https:\/\/kind-indigo-pigeon.201-217-242-146.cpanel.site\/wp-content\/uploads\/2021\/08\/parque-eolico-llanos-del-viento-1.jpg 700w, https:\/\/kind-indigo-pigeon.201-217-242-146.cpanel.site\/wp-content\/uploads\/2021\/08\/parque-eolico-llanos-del-viento-1-300x206.jpg 300w\" sizes=\"(max-width: 700px) 100vw, 700px\" \/><\/a>\n\t\t\t<\/div><\/figure>\n\t\t<\/div>\n\t\t<\/div>\n\t\t\t\t\t\t<\/div>\n\t\t\t\t\t<\/div>\n\t\t\t\t<\/div>\n\t\t\t\t<\/div>\n\t\t","protected":false},"excerpt":{"rendered":"<p>Ubicaci\u00f3n: Antofagasta, Regi\u00f3n de Antofagasta. Descripci\u00f3n: Construcci\u00f3n de caminossubrasante e instalaci\u00f3n de base estabilizada,vialidad y excavaci\u00f3n en caliche de plataformaspara los aerogeneradores.<\/p>\n","protected":false},"author":1,"featured_media":1448,"comment_status":"open","ping_status":"open","sticky":false,"template":"","format":"standard","meta":{"_acf_changed":false,"_joinchat":[],"footnotes":""},"categories":[8],"tags":[],"class_list":["post-3434","post","type-post","status-publish","format-standard","has-post-thumbnail","hentry","category-proyectos"],"acf":[],"_links":{"self":[{"href":"http:\/\/kind-indigo-pigeon.201-217-242-146.cpanel.site\/index.php?rest_route=\/wp\/v2\/posts\/3434","targetHints":{"allow":["GET"]}}],"collection":[{"href":"http:\/\/kind-indigo-pigeon.201-217-242-146.cpanel.site\/index.php?rest_route=\/wp\/v2\/posts"}],"about":[{"href":"http:\/\/kind-indigo-pigeon.201-217-242-146.cpanel.site\/index.php?rest_route=\/wp\/v2\/types\/post"}],"author":[{"embeddable":true,"href":"http:\/\/kind-indigo-pigeon.201-217-242-146.cpanel.site\/index.php?rest_route=\/wp\/v2\/users\/1"}],"replies":[{"embeddable":true,"href":"http:\/\/kind-indigo-pigeon.201-217-242-146.cpanel.site\/index.php?rest_route=%2Fwp%2Fv2%2Fcomments&post=3434"}],"version-history":[{"count":4,"href":"http:\/\/kind-indigo-pigeon.201-217-242-146.cpanel.site\/index.php?rest_route=\/wp\/v2\/posts\/3434\/revisions"}],"predecessor-version":[{"id":3438,"href":"http:\/\/kind-indigo-pigeon.201-217-242-146.cpanel.site\/index.php?rest_route=\/wp\/v2\/posts\/3434\/revisions\/3438"}],"wp:featuredmedia":[{"embeddable":true,"href":"http:\/\/kind-indigo-pigeon.201-217-242-146.cpanel.site\/index.php?rest_route=\/wp\/v2\/media\/1448"}],"wp:attachment":[{"href":"http:\/\/kind-indigo-pigeon.201-217-242-146.cpanel.site\/index.php?rest_route=%2Fwp%2Fv2%2Fmedia&parent=3434"}],"wp:term":[{"taxonomy":"category","embeddable":true,"href":"http:\/\/kind-indigo-pigeon.201-217-242-146.cpanel.site\/index.php?rest_route=%2Fwp%2Fv2%2Fcategories&post=3434"},{"taxonomy":"post_tag","embeddable":true,"href":"http:\/\/kind-indigo-pigeon.201-217-242-146.cpanel.site\/index.php?rest_route=%2Fwp%2Fv2%2Ftags&post=3434"}],"curies":[{"name":"wp","href":"https:\/\/api.w.org\/{rel}","templated":true}]}}